{"id":18,"date":"2005-01-21T12:51:41","date_gmt":"2005-01-21T11:51:41","guid":{"rendered":"http:\/\/www.blog.der-buecherfreund.de\/?p=18"},"modified":"2005-01-21T12:51:41","modified_gmt":"2005-01-21T11:51:41","slug":"noch-ein-bucherblog","status":"publish","type":"post","link":"http:\/\/archiv.krimiblog.de\/?p=18","title":{"rendered":"Noch ein B\u00fccherblog?"},"content":{"rendered":"<p>Blogs \u00fcber B\u00fccher gibt es im deutschsprachigen Raum reichlich. Wozu also noch eins mehr? <\/p>\n<p> Nach mehr als 6 Jahren als Betreiber der Homepage <a href=\"http:\/\/www.der-buecherfreund.de\/\">der-buecherfreund.de<\/a> wollte ich Neues ausprobieren. Meine &#8222;richtigen&#8220; Texte gibt es demn\u00e4chst bei <a href=\"http:\/\/www.kaliber38.de\/\">kaliber38.de<\/a>: Portraits, Interviews, Infos und Kritiken. Dieses Blog ist f\u00fcr die kleinen und schnellen Texte gedacht, f\u00fcr \u00dcberlegungen und Gedanken, ungefiltert und spontan. Schwerpunkt bleiben die Krimis, dazu auch alles, was in und \u00fcber B\u00fccher geschrieben wird und was mir in die H\u00e4nde kommt. Mal sehen, ob es was wird. <\/p>\n<p>\nAntworten werden gerne genommen, dazu gibt es die Kommentarfunktion.<br \/>\nDanke!<\/p><\/p>\n","protected":false},"excerpt":{"rendered":"<p>Blogs \u00fcber B\u00fccher gibt es im deutschsprachigen Raum reichlich. Wozu also noch eins mehr? Nach mehr als 6 Jahren als Betreiber der Homepage der-buecherfreund.de wollte ich Neues ausprobieren. Meine &#8222;richtigen&#8220; Texte gibt es demn\u00e4chst bei kaliber38.de: Portraits, Interviews, Infos und Kritiken. Dieses Blog ist f\u00fcr die kleinen und schnellen Texte gedacht, f\u00fcr \u00dcberlegungen und Gedanken, [&hellip;]<\/p>\n","protected":false},"author":1,"featured_media":0,"comment_status":"closed","ping_status":"closed","sticky":false,"template":"","format":"standard","meta":[],"categories":[3],"tags":[],"_links":{"self":[{"href":"http:\/\/archiv.krimiblog.de\/index.php?rest_route=\/wp\/v2\/posts\/18"}],"collection":[{"href":"http:\/\/archiv.krimiblog.de\/index.php?rest_route=\/wp\/v2\/posts"}],"about":[{"href":"http:\/\/archiv.krimiblog.de\/index.php?rest_route=\/wp\/v2\/types\/post"}],"author":[{"embeddable":true,"href":"http:\/\/archiv.krimiblog.de\/index.php?rest_route=\/wp\/v2\/users\/1"}],"replies":[{"embeddable":true,"href":"http:\/\/archiv.krimiblog.de\/index.php?rest_route=%2Fwp%2Fv2%2Fcomments&post=18"}],"version-history":[{"count":0,"href":"http:\/\/archiv.krimiblog.de\/index.php?rest_route=\/wp\/v2\/posts\/18\/revisions"}],"wp:attachment":[{"href":"http:\/\/archiv.krimiblog.de\/index.php?rest_route=%2Fwp%2Fv2%2Fmedia&parent=18"}],"wp:term":[{"taxonomy":"category","embeddable":true,"href":"http:\/\/archiv.krimiblog.de\/index.php?rest_route=%2Fwp%2Fv2%2Fcategories&post=18"},{"taxonomy":"post_tag","embeddable":true,"href":"http:\/\/archiv.krimiblog.de\/index.php?rest_route=%2Fwp%2Fv2%2Ftags&post=18"}],"curies":[{"name":"wp","href":"https:\/\/api.w.org\/{rel}","templated":true}]}}