{"id":2905,"date":"2009-08-07T10:25:20","date_gmt":"2009-08-07T09:25:20","guid":{"rendered":"http:\/\/www.krimiblog.de\/?p=2905"},"modified":"2012-06-15T19:55:29","modified_gmt":"2012-06-15T17:55:29","slug":"aus-dem-krimitagebuch-10","status":"publish","type":"post","link":"http:\/\/archiv.krimiblog.de\/?p=2905","title":{"rendered":"Aus dem Krimitagebuch &#8211; 10"},"content":{"rendered":"<p><img src=\"http:\/\/www.krimiblog.de\/bilder\/der_geheimnislose_junge_200.jpg\" style=\"float: right; margin-left: 15px;\" alt=\"Der geheimnislose Junge von Stephan Br\u00fcggenthies \">F\u00e4rbt die Lekt\u00fcre auf den jeweiligen Leser ab? Heute morgen in der U-Bahn: Ein junger Mann, vertieft in einem Sammelband von Wolf Haas, schaute grantig von seinem Buch auf. <\/p>\n<div align=\"center\">***<\/div>\n<p>dpr hat ein Interview mit Martin Compart gef\u00fchrt. Was sagt der zu Haas? <em>&#8222;&#8230;finde ich Haas unleserlich, f\u00fcrchterlich gewollt, ohne Charme und Stil&#8220;.<\/em> Nun gut. Besonders interessant auch der Absatz, in dem sich Compart mit der Ver\u00e4nderung der Leserschaft besch\u00e4ftigt und die in dem sch\u00f6nen Satz gipfelt: <em>&#8222;Wesentlich ist, dass das m\u00e4nnliche Publikum verscheucht wurde.&#8220;<\/em> Vielleicht haben sich aber auch einfach die M\u00e4nner gewandelt. W\u00e4re ihnen zu w\u00fcnschen.<br \/>\nDas ganze Interview gibt es bei <a href=\"http:\/\/krimikulturarchiv.wordpress.com\/2009\/08\/07\/ein-gesprach-mit-martin-compart-2009\/\">Krimikultur: Archiv<\/a><br \/>\n<!--more--><\/p>\n<div align=\"center\">***<\/div>\n<p>Die aktuelle deutschsprachige Kriminalliteratur ist ja nicht so das Ding von Martin Compart. Bei der Lekt\u00fcre von Stephan Br\u00fcggenthies erstem Roman <span style=\"font-variant: small-caps;\">&#8222;Der geheimnislose Junge&#8220;<\/span> kann ich das einmal mehr nachvollziehen. Wie schafft man es &#8211; jetzt mal rein psychisch &#8211; als Autor eigentlich \u00fcber 500 Seiten mit Langeweile anzuf\u00fcllen, sich in Phrasen zu ergehen und einen Plot zu entwickeln, der schon zig mal variiert wurde? Ich meine, da muss man sich doch eigentlich schon selbst als Autor beim Schreiben langweilen und auf den Wecker gehen. <\/p>\n<p>Dann hat Eichborn seinem jungen Autor gleich noch <a href=\"http:\/\/www.eichborn.de\/index.php?id=826\">einen Buchtrailer<\/a> geg\u00f6nnt. Mal abgesehen davon, dass der Trailer langweilig ist, wird er auch noch sch\u00f6n auf der Eichborn-Verlagsseite versteckt. Hallo? Das Prinzip dieser Werbespots sollte doch die VERBREITUNG sein. Sowas geh\u00f6rt auf YouTube &#038; Co., mit einer Embed-Funktion. Manche kapieren&#8217;s einfach nicht. Es hei\u00dft nicht &#8222;alles meins&#8220;, es hei\u00dft &#8222;alles deins&#8220;. Dabei f\u00e4llt mir ein, ich wollte noch was zu Social Networks und Krimiverlage schreiben. <\/p>\n<div align=\"center\">***<\/div>\n<p>Alles negativ? Nein, hier kommt das Positive: \u00e2\u20ac\u0153Durch die Nacht mit Alan Cumming und Ian Rankin\u00e2\u20ac\u009d ist gelaufen und kann jetzt bei <a href=\"http:\/\/plus7.arte.tv\/de\/1697660,CmC=2782326,scheduleId=2747156.html\">arte+7 <\/a>angeschaut werden. Sehr sch\u00f6ner Film. Und die K\u00fche in Rankins Garten kommen mir bekannt vor. <\/p>\n<div align=\"center\">***<\/div>\n<p>Ablenkung von schlechter Lekt\u00fcre gibt am Wochenende. Hamburg feiert CSD. Vielleicht twittere ich ja ein wenig von der Parade. Ansonsten: Mein <a href=\"http:\/\/www.krimiblog.de\/2895\/das-vermutlich-schwulste-musikvideo-der-welt.html\">aktuelles Lieblingslied<\/a> kennt Ihr ja schon. Damit qu\u00e4le ich Euch jetzt noch ein wenig. <\/p>\n<div align=\"center\">***<\/div>\n<p><em>Stapel der unbesprochenen Werke:<\/em><br \/>\nChristian Moerk: <span style=\"font-variant: small-caps;\">Darling Jim<\/span><br \/>\nChristian Dorph und Simon Pasternak: <span style=\"font-variant: small-caps;\">Der deutsche Freund<\/span><br \/>\nWilliam Gay: <span style=\"font-variant: small-caps;\">N\u00e4chtliche Vorkommnisse<\/span><br \/>\nKrischan Koch: <span style=\"font-variant: small-caps;\">Flucht \u00fcbers Watt<\/span><br \/>\nPetros Markaris: <span style=\"font-variant: small-caps;\">Die Kinderfrau<\/span><br \/>\nCatherine O\u00e2\u20ac\u2122Flynn: <span style=\"font-variant: small-caps;\">Was mit Kate geschah<\/span><br \/>\nMichael Robotham: <span style=\"font-variant: small-caps;\">Dein Wille geschehe<\/span><br \/>\nDan Simmons: <span style=\"font-variant: small-caps;\">Drood<\/span><br \/>\nDaniel Stashower: <span style=\"font-variant: small-caps;\">Sir Arthur Conan Doyle \u00e2\u20ac\u201c Das Leben des Vaters von Sherlock Holmes<\/span><\/p>\n","protected":false},"excerpt":{"rendered":"<p>F\u00e4rbt die Lekt\u00fcre auf den jeweiligen Leser ab? Heute morgen in der U-Bahn: Ein junger Mann, vertieft in einem Sammelband von Wolf Haas, schaute grantig von seinem Buch auf. <\/p>\n","protected":false},"author":1,"featured_media":0,"comment_status":"closed","ping_status":"closed","sticky":false,"template":"","format":"standard","meta":[],"categories":[3,4],"tags":[129,276,302,476],"_links":{"self":[{"href":"http:\/\/archiv.krimiblog.de\/index.php?rest_route=\/wp\/v2\/posts\/2905"}],"collection":[{"href":"http:\/\/archiv.krimiblog.de\/index.php?rest_route=\/wp\/v2\/posts"}],"about":[{"href":"http:\/\/archiv.krimiblog.de\/index.php?rest_route=\/wp\/v2\/types\/post"}],"author":[{"embeddable":true,"href":"http:\/\/archiv.krimiblog.de\/index.php?rest_route=\/wp\/v2\/users\/1"}],"replies":[{"embeddable":true,"href":"http:\/\/archiv.krimiblog.de\/index.php?rest_route=%2Fwp%2Fv2%2Fcomments&post=2905"}],"version-history":[{"count":2,"href":"http:\/\/archiv.krimiblog.de\/index.php?rest_route=\/wp\/v2\/posts\/2905\/revisions"}],"predecessor-version":[{"id":3550,"href":"http:\/\/archiv.krimiblog.de\/index.php?rest_route=\/wp\/v2\/posts\/2905\/revisions\/3550"}],"wp:attachment":[{"href":"http:\/\/archiv.krimiblog.de\/index.php?rest_route=%2Fwp%2Fv2%2Fmedia&parent=2905"}],"wp:term":[{"taxonomy":"category","embeddable":true,"href":"http:\/\/archiv.krimiblog.de\/index.php?rest_route=%2Fwp%2Fv2%2Fcategories&post=2905"},{"taxonomy":"post_tag","embeddable":true,"href":"http:\/\/archiv.krimiblog.de\/index.php?rest_route=%2Fwp%2Fv2%2Ftags&post=2905"}],"curies":[{"name":"wp","href":"https:\/\/api.w.org\/{rel}","templated":true}]}}