{"id":507,"date":"2006-06-27T21:26:34","date_gmt":"2006-06-27T19:26:34","guid":{"rendered":"http:\/\/www.krimiblog.de\/507\/presseschau-krimi-spezial-der-buchkultur.html"},"modified":"2006-06-27T21:26:34","modified_gmt":"2006-06-27T19:26:34","slug":"presseschau-krimi-spezial-der-buchkultur","status":"publish","type":"post","link":"http:\/\/archiv.krimiblog.de\/?p=507","title":{"rendered":"Presseschau: Krimi-Spezial der Buchkultur"},"content":{"rendered":"<p><img src=\"http:\/\/www.krimiblog.de\/images\/krimi_spezial_buchkultur_2006.jpg\" align=\"left\" hspace=\"5\"alt=\"Krimi Spezial Buchkultur Ausgabe 2006\" \/><br \/>\nMit den &#8222;besten Krimis der Saison&#8220; lockt einmal mehr das Sonderheft der \u00f6sterreichischen Zeitschrift <a href=\"http:\/\/www.buchkultur.net\/\">&#8222;Buchkultur&#8220;<\/a>. Einmal im Jahr kommt aus Wien ein d\u00fcnnes Heft, in dem es sich nur um Krimis dreht. Traditionell findet sich in darin auch eine Top Ten der Krimis aus den letzten Monaten. \u00dcberraschungen gibt es nicht: Auf Platz 1 macht sich Arne Dahl mit seinem Roman &#8222;Rosenrot&#8220; breit, Platz 2 geht an das Deb\u00fct &#8222;Tann\u00f6d&#8220; von Andrea Maria Schenkel und Platz 3 konnte David Peace mit seinem &#8222;1977&#8220; ergattern. Alle weiteren Platzierungen gibt es sicherlich demn\u00e4chst auf der Homepage der &#8222;Buchkultur&#8220;. Sonst wirkt das Heft eher wie ein Werbeprospekt der einschl\u00e4gigen Verlage, Kritisches findet sich kaum.<\/p>\n<p><!--more--><br \/>\nSo langweilt Ditta Rudle mit einer &#8211; gl\u00fccklicherweise &#8211; kurzen Betrachtung \u00fcber Kirchenkrimis und Jan Seghers darf in einem Gespr\u00e4ch mit Buchkultur-Chefredakteur Tobias Hierl seine Ansichten \u00fcber Krimis und Krimischreiben breit treten. So, als w\u00e4ren Seghers Ansichten nicht schon hinl\u00e4nglich bekannt. Eine Gegenstimme zu Seghers (und damit sind nicht Chaplet oder Eckert gemeint) fehlt und so bleibt das Gespr\u00e4ch nichts als ein bisschen hei\u00dfe Luft. Auch der Neuigkeitswert tendiert hier gegen Null. Gleiches gilt f\u00fcr den kurzen Artikel \u00fcber die &#8222;Krimi-Legende&#8220; (was f\u00fcr eine schwachsinnige \u00dcberschrift!) Patricia Highsmith. Die war sicher einiges, nur eben keine Krimi-Legende. Dann wird auch noch Karin Alvtegen portr\u00e4tiert (wer braucht so etwas?) und zum hundertsten Mal irgendwelche marginalen Krimis aus Skandiavien besprochen. In diesem Umfeld kann selbst der Artikel von Thomas W\u00f6rtche, der sich unter der \u00dcberschrift &#8222;Blutiges Outfit &#8211; meist schick&#8220; mit Designer-Krimis besch\u00e4ftigt, nicht viel herausrei\u00dfen. Zumal der Artikel eher mau daher kommt &#8211; eigentlich bin ich von TW Bissigeres gew\u00f6hnt. Dennoch bleibt der dreiseitige Artikel der einzige H\u00f6hepunkt in diesem Heft, denn die nachfolgenden Rezensionen sind durchweg belanglose Lobhudeleien (mit ein paar Ausnahmen). <\/p>\n<p>Wer \u00fcbrigens in dem Heft nach Kritiken des Haus-und-Hof-Krimi-Koluministen Peter Hiess sucht, sucht vergeblich. Das ist nun wirklich dumm und \u00e4rgerlich, denn wenn einer vom Stammpersonal der \u00f6sterreichischen Zeitschrift pointiert \u00fcber Krimis schreiben kann, dann Peter Hiess. Seine kurzen und scharfen Kritiken sind immer eine kleine Freude in dem bunten Allerlei der regul\u00e4ren Buchkultur-Ausgaben. Insgesamt wohl das bislang schlechteste Heft in dieser Reihe. Oder, um mit Hiess zu sprechen &#8222;Nichts f\u00fcr uns gefinkelte Krimileser.&#8220;<\/p>\n","protected":false},"excerpt":{"rendered":"<p>Mit den &#8222;besten Krimis der Saison&#8220; lockt einmal mehr das Sonderheft der \u00f6sterreichischen Zeitschrift &#8222;Buchkultur&#8220;. Einmal im Jahr kommt aus Wien ein d\u00fcnnes Heft, in dem es sich nur um Krimis dreht. Traditionell findet sich in darin auch eine Top Ten der Krimis aus den letzten Monaten. \u00dcberraschungen gibt es nicht: Auf Platz 1 macht [&hellip;]<\/p>\n","protected":false},"author":1,"featured_media":0,"comment_status":"closed","ping_status":"closed","sticky":false,"template":"","format":"standard","meta":[],"categories":[4],"tags":[],"_links":{"self":[{"href":"http:\/\/archiv.krimiblog.de\/index.php?rest_route=\/wp\/v2\/posts\/507"}],"collection":[{"href":"http:\/\/archiv.krimiblog.de\/index.php?rest_route=\/wp\/v2\/posts"}],"about":[{"href":"http:\/\/archiv.krimiblog.de\/index.php?rest_route=\/wp\/v2\/types\/post"}],"author":[{"embeddable":true,"href":"http:\/\/archiv.krimiblog.de\/index.php?rest_route=\/wp\/v2\/users\/1"}],"replies":[{"embeddable":true,"href":"http:\/\/archiv.krimiblog.de\/index.php?rest_route=%2Fwp%2Fv2%2Fcomments&post=507"}],"version-history":[{"count":0,"href":"http:\/\/archiv.krimiblog.de\/index.php?rest_route=\/wp\/v2\/posts\/507\/revisions"}],"wp:attachment":[{"href":"http:\/\/archiv.krimiblog.de\/index.php?rest_route=%2Fwp%2Fv2%2Fmedia&parent=507"}],"wp:term":[{"taxonomy":"category","embeddable":true,"href":"http:\/\/archiv.krimiblog.de\/index.php?rest_route=%2Fwp%2Fv2%2Fcategories&post=507"},{"taxonomy":"post_tag","embeddable":true,"href":"http:\/\/archiv.krimiblog.de\/index.php?rest_route=%2Fwp%2Fv2%2Ftags&post=507"}],"curies":[{"name":"wp","href":"https:\/\/api.w.org\/{rel}","templated":true}]}}