{"id":561,"date":"2006-12-05T15:21:44","date_gmt":"2006-12-05T14:21:44","guid":{"rendered":"http:\/\/www.krimiblog.de\/561\/spaghetti-auf-toast.html"},"modified":"2006-12-05T15:21:44","modified_gmt":"2006-12-05T14:21:44","slug":"spaghetti-auf-toast","status":"publish","type":"post","link":"http:\/\/archiv.krimiblog.de\/?p=561","title":{"rendered":"Spaghetti auf Toast"},"content":{"rendered":"<p>Manchmal bekommen Pressemeldungen ein &#8222;Gesicht&#8220;. Gerade lief \u00fcber den Ticker eine Meldung aus dem OTS (dar\u00fcber verbreiten Firmen ihre Pressemeldungen). Die Zeitschrift &#8222;TV H\u00f6ren und Sehen&#8220; hatte einen Krimi-Literaturwettbewerb f\u00fcr Medienjournalisten veranstaltet. Und wer ist unter den Preistr\u00e4gern? <\/p>\n<blockquote><p>&#8222;Aus 50 sehr lesenswerten Wettbewerbsbeitr\u00e4gen haben die Mitglieder der Medienakademie der Premium-Programmzeitschrift aus der Bauer Verlagsgruppe die Kurzgeschichte &#8222;Letzter Dreh f\u00fcr Patrick&#8220; von Markus Peters zum Sieger gew\u00e4hlt. Der K\u00f6lner kann sich jetzt auf eine Rundreise durch Irland freuen. Auf dem zweiten Platz landete der Beitrag &#8222;Die Voyeurin&#8220; von Sabine Thomas aus Herrsching. <strong>Rang Drei ging an &#8222;Spaghetti auf Toast&#8220; von Christiane Geldmacher aus Wiesbaden.<\/strong> Alle drei Siegerbeitr\u00e4ge werden in den kommenden Wochen in<br \/>\ntv H\u00f6ren und Sehen ver\u00f6ffentlicht.&#8220;<\/p><\/blockquote>\n<p>Bleiben nat\u00fcrlich Fragen offen: Was bekommt die Drittplatzierte? M\u00fcssen wir jetzt die &#8222;TV H\u00f6ren und Sehen&#8220; kaufen? Und in Richtung Wiesbaden ein herzlicher Gl\u00fcckwunsch.<\/p>\n","protected":false},"excerpt":{"rendered":"<p>Manchmal bekommen Pressemeldungen ein &#8222;Gesicht&#8220;. Gerade lief \u00fcber den Ticker eine Meldung aus dem OTS (dar\u00fcber verbreiten Firmen ihre Pressemeldungen). Die Zeitschrift &#8222;TV H\u00f6ren und Sehen&#8220; hatte einen Krimi-Literaturwettbewerb f\u00fcr Medienjournalisten veranstaltet. Und wer ist unter den Preistr\u00e4gern? &#8222;Aus 50 sehr lesenswerten Wettbewerbsbeitr\u00e4gen haben die Mitglieder der Medienakademie der Premium-Programmzeitschrift aus der Bauer Verlagsgruppe die [&hellip;]<\/p>\n","protected":false},"author":1,"featured_media":0,"comment_status":"closed","ping_status":"closed","sticky":false,"template":"","format":"standard","meta":[],"categories":[3],"tags":[],"_links":{"self":[{"href":"http:\/\/archiv.krimiblog.de\/index.php?rest_route=\/wp\/v2\/posts\/561"}],"collection":[{"href":"http:\/\/archiv.krimiblog.de\/index.php?rest_route=\/wp\/v2\/posts"}],"about":[{"href":"http:\/\/archiv.krimiblog.de\/index.php?rest_route=\/wp\/v2\/types\/post"}],"author":[{"embeddable":true,"href":"http:\/\/archiv.krimiblog.de\/index.php?rest_route=\/wp\/v2\/users\/1"}],"replies":[{"embeddable":true,"href":"http:\/\/archiv.krimiblog.de\/index.php?rest_route=%2Fwp%2Fv2%2Fcomments&post=561"}],"version-history":[{"count":0,"href":"http:\/\/archiv.krimiblog.de\/index.php?rest_route=\/wp\/v2\/posts\/561\/revisions"}],"wp:attachment":[{"href":"http:\/\/archiv.krimiblog.de\/index.php?rest_route=%2Fwp%2Fv2%2Fmedia&parent=561"}],"wp:term":[{"taxonomy":"category","embeddable":true,"href":"http:\/\/archiv.krimiblog.de\/index.php?rest_route=%2Fwp%2Fv2%2Fcategories&post=561"},{"taxonomy":"post_tag","embeddable":true,"href":"http:\/\/archiv.krimiblog.de\/index.php?rest_route=%2Fwp%2Fv2%2Ftags&post=561"}],"curies":[{"name":"wp","href":"https:\/\/api.w.org\/{rel}","templated":true}]}}