{"id":576,"date":"2007-01-16T11:15:39","date_gmt":"2007-01-16T10:15:39","guid":{"rendered":"http:\/\/www.krimiblog.de\/576\/deutscher-krimipreis-2007.html"},"modified":"2007-01-16T11:15:39","modified_gmt":"2007-01-16T10:15:39","slug":"deutscher-krimipreis-2007","status":"publish","type":"post","link":"http:\/\/archiv.krimiblog.de\/?p=576","title":{"rendered":"Deutscher Krimipreis 2007"},"content":{"rendered":"<p>Das Gericht hat getagt, die Geschworenen haben ihr Urteil abgegeben. Herausgekommen ist dabei der Deutsche Krimipreis 2007, der in diesem Jahr so aussieht:<br \/>\n<!--more--><\/p>\n<p><strong>Kategorie National:<\/strong><\/p>\n<p><img src=\"http:\/\/www.krimiblog.de\/images\/tannoed_dkp.jpg\" align=\"left\" hspace=\"5\" alt=\"Tann\u00f6d\" \/><strong>1. Platz:<br \/>\nAndrea Maria Schenkel: <span style=\"font-variant:small-caps\"> Tann\u00f6d<\/span><\/strong><\/p>\n<p><em>Die Autorin:<\/em><br \/>\nAndrea Maria Schenkel lebt in Nittendorf (Lkr. Regensburg).  Ihr Deb\u00fctroman &#8222;Tann\u00f6d&#8220; begeisterte Anfang des Jahres 2006 bereits die deutsche Krimikritik. Derzeit arbeitet die Autorin an ihrem zweiten Roman, dem wieder eine wahre Begebenheit zugrunde liegt.<\/p>\n<p><em>Das Buch:<\/em><br \/>\n&#8222;Tann\u00f6d&#8220; ist der erste Roman der Autorin. Er erz\u00e4hlt von einem Verbrechen auf einem Ein\u00f6dhof in den f\u00fcnfziger Jahren. Eine ganze Familie wurde in einer Nacht ausgel\u00f6scht, mit der Spitzhacke erschlagen. Die Geschichte basiert auf einem realen Verbrechen. &#8222;Tann\u00f6d&#8220; besteht ausschlie\u00dflich aus den Erz\u00e4hlungen und Aussagen der Dorfbewohner. Und eine dieser Erz\u00e4hlstimmen ist unheimlicherweise die des M\u00f6rders. <\/p>\n<p><img src=\"http:\/\/www.krimiblog.de\/images\/die_suesse_des_lebens_dkp.jpg\" align=\"left\" hspace=\"5\" alt=\"Die S\u00fc\u00dfe des Lebens\" \/><strong>2. Platz:<br \/>\nPaulus Hochgatterer:<span style=\"font-variant:small-caps\"> Die S\u00fc\u00dfe des Lebens<\/span><\/strong><\/p>\n<p><em>Der Autor:<\/em><br \/>\nPaulus Hochgatterer, geboren 1961, wuchs in Nieder\u00f6sterreich auf, promovierte 1985 in Wien zum Dr. med und arbeitete als Facharzt f\u00fcr Psychiatrie. Heute ist er als Kinder- und Jugendpsychiater t\u00e4tig und leitet das Institut f\u00fcr Erziehungshilfe in Wien. Daneben, so die Neue Z\u00fcrcher Zeitung, &#8222;schreibt er Literatur, die in \u00d6sterreich zum Besten der letzten Jahre z\u00e4hlt&#8220;.<\/p>\n<p><em>Das Buch:<\/em><br \/>\nEinem alten Mann wird in einer Winternacht der Kopf zermalmt. Seine Enkelin verliert ob ihres grausamen Fundes die Sprache. Dieser Tote, dar\u00fcber macht Kriminalkommissar Ludwig Kovacs sich keine Illusionen, wird ihn l\u00e4nger besch\u00e4ftigen. Ein psychopathischer Familienvater schl\u00e4gt seine Tochter krankenhausreif, ein dauerlaufender Benediktinerpater h\u00f6rt Stimmen und eine junge Mutter glaubt, ihr neugeborenes Kind sei der Teufel. Das Psychogramm dieser Kleinstadt ist alles andere als beruhigend. Doch wer ist verantwortlich f\u00fcr die grausame Tat?<\/p>\n<p><img src=\"http:\/\/www.krimiblog.de\/images\/im_sommer_der_moerder_dkp.jpg\" align=\"left\" hspace=\"5\" alt=\"Im Sommer der M\u00f6rder\" \/> <strong>3. Platz:<br \/>\nOliver Bottini:<span style=\"font-variant:small-caps\"> Im Sommer der M\u00f6rder<\/span><\/strong><\/p>\n<p><em>Der Autor:<\/em><br \/>\nOliver Bottini, geboren 1965 in N\u00fcrnberg, bereiste ein wenig die Welt studierte Literatur und Werbepsychologie und lebt seit 1995 als Autor in M\u00fcnchen. Er beeindruckte bereits mit seinem Deb\u00fct &#8222;Mord im Zeichen des Zen&#8220;, in dem er seine Serienheldin, die Freiburger Kommissarin Leonie Bon\u00ec, vorstellte.<\/p>\n<p><em>Das Buch:<\/em><br \/>\nSommer im Breisgau. Kirchzarten ist ein friedlicher Ort. Bis im Morgengrauen ein Holzschuppen in Flammen aufgeht &#8211; und urpl\u00f6tzlich ein Inferno losbricht. Verheerende Explosionen \u00fcberraschen die Feuerwehr : Unter dem Schuppen hatten Unbekannte ein illegales Waffenlager angelegt. Damit steht die Freiburger Hauptkommissarin Louise Bon\u00ec vor dem schwierigsten Fall ihrer Karriere. Die Spuren f\u00fchren zur\u00fcck in das zerfallende Jugoslawien der Neunziger Jahre. <\/p>\n<p><strong>Kategorie International:<\/strong><\/p>\n<p><img src=\"http:\/\/www.krimiblog.de\/images\/die_kalte_legende_dkp.jpg\" align=\"left\" hspace=\"5\" alt=\"Die kalte Legend\" \/> <strong>1. Platz:<br \/>\nRobert Littell:<span style=\"font-variant:small-caps\"> Die kalte Legende<\/span> <\/strong><\/p>\n<p><em>Der Autor:<\/em><br \/>\nRobert Littell wurde 1935 in Brooklyn, New York geboren. Er gilt als Meister des amerikanischen Spionageromans. \u00bbDie kalte Legende\u00ab ist sein 13. Roman. Bevor er sich ganz dem Schreiben zuwandte, arbeitete der Autor als Newsweek-Korrespondent im Nahen Osten. Robert Littell lebt heute in Frankreich.<\/p>\n<p><em>Das Buch:<\/em><br \/>\nMartin Odum, ehemaliger CIA-Agent mit verschiedenen Legenden, lebt als Privatdetektiv in Brooklyn. Aber ist er wirklich Martin Odum? Oder ist er Dante Pippen, ein IRA-K\u00e4mpfer? Oder der zwielichtige Waffenh\u00e4ndler Lincoln Dittmann? Eines Tages erteilt ihm die junge, attraktive Russin Stella Kastner einen Auftrag, der ihn nach Israel f\u00fchrt. Dort holt ihn eine Vergangenheit ein, von der er nichts wei\u00df. Er steht vor einem unl\u00f6sbaren Dilemma: Wenn er sich erinnert, ist er tot. Wenn er sich nicht erinnert, ebenfalls.<\/p>\n<p><img src=\"http:\/\/www.krimiblog.de\/images\/train_dkp.jpg\" align=\"left\" hspace=\"5\" alt=\"Train\" \/> <strong>2. Platz:<br \/>\nPete Dexter:<span style=\"font-variant:small-caps\"> Train<\/span><\/strong><\/p>\n<p><em>Der Autor:<\/em><br \/>\nPete Dexter, 1943 in Michigan geboren, arbeitete \u00fcber f\u00fcnfzehn Jahre als Zeitungsreporter in Philadelphia. Als er 1981 im Zuge einer Berichterstattung angegriffen und krankenhausreif geschlagen wurde, gab er seinen Beruf auf. Heute lebt er als freier Schriftsteller im Bundesstaat Washington. Er ver\u00f6ffentlichte sechs Romane, darunter \u00bbTollw\u00fctig\u00ab, der 1988 mit dem National Book Award ausgezeichnet wurde.<\/p>\n<p><em>Das Buch:<\/em><br \/>\nLos Angeles, 1953: Brookline ist einer der exklusivsten Golfclubs der Stadt. Die Fairways sind gr\u00fcn, die Mitglieder wei\u00df, die Caddies schwarz. So auch Lionel Walk, genannt \u00bbTrain\u00ab, der ein au\u00dfergew\u00f6hnliches Talent f\u00fcrs Golfen hat. Das erkennt auch Detective Miller Packard vom LAPD, der regelm\u00e4\u00dfig in Brookline spielt. Als Packard einen Fall \u00fcbernimmt, in den zwei Caddies des Clubs verwickelt sind, nimmt das Schicksal seinen Lauf.<\/p>\n<p><img src=\"http:\/\/www.krimiblog.de\/images\/adios_hemingway_dkp.jpg\" align=\"left\" hspace=\"5\" alt=\"Adios Hemingway\" \/> <strong>3. Platz:<br \/>\nLeonardo Padura: <span style=\"font-variant:small-caps\">Adi\u00f3s Hemingway<\/span><\/strong><\/p>\n<p><em>Der Autor:<\/em><br \/>\nLeonardo Padura, geboren 1955 in Havanna, schrieb zun\u00e4chst f\u00fcr verschiedene kubanische Zeitschriften. International bekannt wurde er mit seinem Kriminalromanzyklus \u00bbDas Havanna-Quartett\u00ab. Neben vielen anderen Auszeichnungen erhielt er zweimal den spanischen &#8222;Premio Hammett&#8220;. Leonardo Padura lebt in Havanna.<\/p>\n<p><em>Das Buch:<\/em><br \/>\nVierzig Jahre nach Hemingways Tod wird auf seiner Finca bei Havanna eine Leiche gefunden, get\u00f6tet mit zwei Kugeln aus einer Maschinenpistole seiner legend\u00e4ren Waffensammlung. War Hemingway ein M\u00f6rder?<\/p>\n<p><strong>Die Jury setzte sich in diesem Jahr aus diesen Herrschaften zusammen:<\/strong><br \/>\n<em>Kritiker:<\/em> Volker Albers (Hamburger Abendblatt) \/ Andreas Ammer (ARD) \/ S\u00f6nke Boldt (Badische Neueste Nachrichten) \/ Jens Dirksen (NRZ) \/ Joachim D\u00f6rr \/ Tobias Gohlis (DIE ZEIT) \/ G\u00fcnter Grosser (Berliner Zeitung) \/ Reinhard Jahn (Bochumer Krimi Archiv) \/ Hermann Kling \/ Ekkehard Kn\u00f6rer (perlentaucher.de) \/ Alf Mayer \/ Ulrich Noller (WDR\/DW) \/ Michaela Pelz (krimi-forum.de) \/ Wolfgang Platzeck (WAZ) \/ Wilhelm Roth (epd) \/ Lars Schafft (krimi-couch.de) \/ Jan Christian Schmidt (kaliber38.de) \/ Erhard Sch\u00fctz \/ Sylvia Staude (Frankfurter Rundschau) \/ Willy Theobald (Financial Times Deutschland) \/ J\u00fcrgen M. Thie \/ Bettina Thienhaus \/ Karl Wegmann (freier Journalist) \/ Thomas W\u00f6rtche<br \/>\nDie Kritiker der Jury stimmen nicht f\u00fcr Titel, an deren Ver\u00f6ffentlichung sie aktiv beteiligt sind.<\/p>\n<p><em>Krimi-Buchhandlungen:<\/em> Jutta Wilkesmann und Team (Die Wendeltreppe, Frankfurt Main) \/ Manfred Sarrazin (Alibi, K\u00f6ln) \/ Gabriele Fauser (Glatteis, M\u00fcnchen) \/ Christian Koch und Team (Hammett, Berlin) \/ Thomas Przybilka (Missing Link) \/ Udo Aschemeyer (Heiner K., Hamburg) (Robert Schekulin (Buchhandlung Am Schwarzen Kloster, Freiburg) \/ Juliane Hansen (Under-Cover, Stuttgart) \/ Norbert Huppach (Kommissariat, Dresden) \/ Cornelia H\u00fcppe-Binder (Miss Marple, Berlin) \/Hans W. Kohlmann (Whodunnit, Leipzig)<\/p>\n<p>Einspr\u00fcche und Beschwerden sind also an sie zu richten. <\/p>\n","protected":false},"excerpt":{"rendered":"<p>Das Gericht hat getagt, die Geschworenen haben ihr Urteil abgegeben. Herausgekommen ist dabei der Deutsche Krimipreis 2007, der in diesem Jahr so aussieht:<\/p>\n","protected":false},"author":1,"featured_media":0,"comment_status":"closed","ping_status":"closed","sticky":false,"template":"","format":"standard","meta":[],"categories":[4],"tags":[],"_links":{"self":[{"href":"http:\/\/archiv.krimiblog.de\/index.php?rest_route=\/wp\/v2\/posts\/576"}],"collection":[{"href":"http:\/\/archiv.krimiblog.de\/index.php?rest_route=\/wp\/v2\/posts"}],"about":[{"href":"http:\/\/archiv.krimiblog.de\/index.php?rest_route=\/wp\/v2\/types\/post"}],"author":[{"embeddable":true,"href":"http:\/\/archiv.krimiblog.de\/index.php?rest_route=\/wp\/v2\/users\/1"}],"replies":[{"embeddable":true,"href":"http:\/\/archiv.krimiblog.de\/index.php?rest_route=%2Fwp%2Fv2%2Fcomments&post=576"}],"version-history":[{"count":0,"href":"http:\/\/archiv.krimiblog.de\/index.php?rest_route=\/wp\/v2\/posts\/576\/revisions"}],"wp:attachment":[{"href":"http:\/\/archiv.krimiblog.de\/index.php?rest_route=%2Fwp%2Fv2%2Fmedia&parent=576"}],"wp:term":[{"taxonomy":"category","embeddable":true,"href":"http:\/\/archiv.krimiblog.de\/index.php?rest_route=%2Fwp%2Fv2%2Fcategories&post=576"},{"taxonomy":"post_tag","embeddable":true,"href":"http:\/\/archiv.krimiblog.de\/index.php?rest_route=%2Fwp%2Fv2%2Ftags&post=576"}],"curies":[{"name":"wp","href":"https:\/\/api.w.org\/{rel}","templated":true}]}}